{"id":514,"date":"2024-02-05T14:20:22","date_gmt":"2024-02-05T13:20:22","guid":{"rendered":"https:\/\/mainzer-hospiz.de\/kinderhospizdienst\/?p=514"},"modified":"2024-02-05T14:20:22","modified_gmt":"2024-02-05T13:20:22","slug":"am-10-februar-2024-ist-der-tag-der-kinderhospizarbeit-000514","status":"publish","type":"post","link":"https:\/\/mainzer-hospiz.de\/kinderhospizdienst\/aktuelles-und-termine\/aktuelles\/2024\/02\/05\/am-10-februar-2024-ist-der-tag-der-kinderhospizarbeit-000514\/","title":{"rendered":"Am 10. Februar 2024 ist der Tag der Kinderhospizarbeit"},"content":{"rendered":"<p>Am <strong>10. Februar 2024<\/strong> ist der <strong>Tag der Kinderhospizarbeit.<\/strong> Aus diesem aktuellen Anlass m\u00f6chten wir Sie auf den Erkl\u00e4rfilm <a href=\"https:\/\/www.youtube.com\/watch?v=KQAdYrLheMA\" target=\"_blank\" rel=\"noopener\">\u201eHospizarbeit und Palliativversorgung f\u00fcr Kinder und Jugendliche mit lebensverk\u00fcrzenden Erkrankungen Ein Erkl\u00e4rfim f\u00fcr Familien\u201c<\/a> hinweisen.<\/p>\n<p>Der Film ist Dank der finanziellen F\u00f6rderung durch das <a href=\"https:\/\/www.bmfsfj.de\/\" target=\"_blank\" rel=\"noopener\">Bundesministerium f\u00fcr Familie, Senioren, Frauen und Jugend<\/a> im Rahmen eines Charta-Projektes 2023 durch Prof. Dr. med. Boris Zernikow am <a href=\"https:\/\/kinderpalliativzentrum.de\/\" target=\"_blank\" rel=\"noopener\">Kinderpalliativzentrum Datteln<\/a> in enger Zusammenarbeit mit dem <a href=\"https:\/\/www.deutscher-kinderhospizverein.de\/\" target=\"_blank\" rel=\"noopener\">Deutschen Kinderhospizverein e.V.<\/a>, dem<a href=\"https:\/\/www.bundesverband-kinderhospiz.de\/\" target=\"_blank\" rel=\"noopener\"> Bundesverband Kinderhospiz e.V.<\/a> und der <a href=\"https:\/\/palliativstiftung.com\/de\/palliativstiftung\/verbundene-stiftungen\/kinder-palliativstiftung\" target=\"_blank\" rel=\"noopener\">Deutschen KinderPalliativStiftung<\/a> erstellt werden konnte.<\/p>\n<p>Er gibt einen sehr guten Einblick in diesem Versorgungsbereich mit seinen speziellen Herausforderungen und stellt die unterschiedlichen Unterst\u00fctzungsangebote f\u00fcr die betroffenen Kinder und Jugendlichen und ihre Familien in einer klaren und verst\u00e4ndlichen Sprache vor:<\/p>\n<div class=\"embed-wrapper type-oembed-video provider-youtube aspect-ratio-wrapper\" style=\"--aspect-ratio-x:1280; --aspect-ratio-y:720;\" data-aspectratio=\"1280:720\"><script type=\"text\/x-cc1990kb-blocked-embed\" data-embedhostname=\"youtube-nocookie.com\" data-embedurl=\"https%3A%2F%2Fwww.youtube.com%2Fwatch%3Fv%3DKQAdYrLheMA\">&lt;iframe title=&quot;Hospizarbeit und Palliativversorgung f&uuml;r Kinder und Jugendliche. Ein Erkl&auml;rfilm f&uuml;r Familien.&quot; width=&quot;1280&quot; height=&quot;720&quot; src=&quot;https:\/\/www.youtube-nocookie.com\/embed\/KQAdYrLheMA?feature=oembed&amp;rel=0&quot; frameborder=&quot;0&quot; allow=&quot;accelerometer; autoplay; clipboard-write; encrypted-media; gyroscope; picture-in-picture; web-share&quot; allowfullscreen&gt;&lt;\/iframe&gt;<\/script><\/div>\n","protected":false},"excerpt":{"rendered":"<p>Am 10. Februar 2024 ist der Tag der Kinderhospizarbeit. Aus diesem aktuellen Anlass m\u00f6chten wir Sie auf den Erkl\u00e4rfilm \u201eHospizarbeit und Palliativversorgung f\u00fcr Kinder und Jugendliche mit lebensverk\u00fcrzenden Erkrankungen Ein Erkl\u00e4rfim f\u00fcr Familien\u201c hinweisen. Der Film ist Dank der finanziellen F\u00f6rderung durch das Bundesministerium f\u00fcr Familie, Senioren, Frauen und Jugend im Rahmen eines Charta-Projektes 2023 durch Prof. Dr. med. Boris Zernikow am Kinderpalliativzentrum Datteln in enger Zusammenarbeit mit dem Deutschen Kinderhospizverein e.V., dem Bundesverband Kinderhospiz e.V. und der Deutschen KinderPalliativStiftung erstellt werden konnte. Er gibt einen sehr guten Einblick in diesem Versorgungsbereich mit seinen speziellen Herausforderungen und stellt die unterschiedlichen Unterst\u00fctzungsangebote f\u00fcr die betroffenen Kinder und Jugendlichen und ihre Familien in einer klaren und verst\u00e4ndlichen Sprache vor:<\/p>\n","protected":false},"author":2,"featured_media":515,"comment_status":"open","ping_status":"open","sticky":false,"template":"","format":"standard","meta":{"footnotes":""},"categories":[1],"tags":[],"class_list":["post-514","post","type-post","status-publish","format-standard","has-post-thumbnail","hentry","category-allgemeines"],"_links":{"self":[{"href":"https:\/\/mainzer-hospiz.de\/kinderhospizdienst\/wp-json\/wp\/v2\/posts\/514","targetHints":{"allow":["GET"]}}],"collection":[{"href":"https:\/\/mainzer-hospiz.de\/kinderhospizdienst\/wp-json\/wp\/v2\/posts"}],"about":[{"href":"https:\/\/mainzer-hospiz.de\/kinderhospizdienst\/wp-json\/wp\/v2\/types\/post"}],"author":[{"embeddable":true,"href":"https:\/\/mainzer-hospiz.de\/kinderhospizdienst\/wp-json\/wp\/v2\/users\/2"}],"replies":[{"embeddable":true,"href":"https:\/\/mainzer-hospiz.de\/kinderhospizdienst\/wp-json\/wp\/v2\/comments?post=514"}],"version-history":[{"count":0,"href":"https:\/\/mainzer-hospiz.de\/kinderhospizdienst\/wp-json\/wp\/v2\/posts\/514\/revisions"}],"wp:featuredmedia":[{"embeddable":true,"href":"https:\/\/mainzer-hospiz.de\/kinderhospizdienst\/wp-json\/wp\/v2\/media\/515"}],"wp:attachment":[{"href":"https:\/\/mainzer-hospiz.de\/kinderhospizdienst\/wp-json\/wp\/v2\/media?parent=514"}],"wp:term":[{"taxonomy":"category","embeddable":true,"href":"https:\/\/mainzer-hospiz.de\/kinderhospizdienst\/wp-json\/wp\/v2\/categories?post=514"},{"taxonomy":"post_tag","embeddable":true,"href":"https:\/\/mainzer-hospiz.de\/kinderhospizdienst\/wp-json\/wp\/v2\/tags?post=514"}],"curies":[{"name":"wp","href":"https:\/\/api.w.org\/{rel}","templated":true}]}}