{"id":310,"date":"2021-10-15T09:24:20","date_gmt":"2021-10-15T07:24:20","guid":{"rendered":"https:\/\/mainzer-hospiz.de\/kinderhospizdienst\/?p=310"},"modified":"2021-10-27T09:36:00","modified_gmt":"2021-10-27T07:36:00","slug":"weltkindertag-2021","status":"publish","type":"post","link":"https:\/\/mainzer-hospiz.de\/kinderhospizdienst\/aktuelles-und-termine\/aktuelles\/2021\/10\/15\/weltkindertag-2021\/","title":{"rendered":"Weltkindertag 2021"},"content":{"rendered":"<div class=\"wp-gallery-1990kb gallery-image-size-thumbnail gallery-rows-2\" style=\"--cols:2\" data-gallerycols=\"2\" data-megalightbox=\"true\" data-megalightbox-settings=\"%7B%22images%22%3A%5B312%2C311%5D%2C%22mode%22%3A%22%22%2C%22allow_fullscreen%22%3Atrue%7D\"><div class='gallery-row'><figure id=\"gallery-thumbnail-312\" class=\"gallery-thumbnail size-thumbnail gallery-thumbnail-0\" title=\"Koordinatorin Eva Wagner am Infostand beim Weltkindertag 2021\" style=\"--w:150; --h:150\"><a href=\"https:\/\/mainzer-hospiz.de\/kinderhospizdienst\/wp-content\/uploads\/sites\/2\/2021\/10\/Weltkindertag_Koordinatorin-vor-dem-Infostand.jpg\" rel=\"attachment wp-att-312\" title=\"Koordinatorin Eva Wagner am Infostand beim Weltkindertag 2021\" data-megalightbox-index=\"0\"><img decoding=\"async\" src=\"https:\/\/mainzer-hospiz.de\/kinderhospizdienst\/wp-content\/uploads\/sites\/2\/2021\/10\/Weltkindertag_Koordinatorin-vor-dem-Infostand-150x150.jpg\" width=\"100%\" height=\"auto\" class=\"gallery-the-thumbnail size-thumbnail wp-image-312\" alt=\"Koordinatorin Eva Wagner am Infostand beim Weltkindertag 2021\"\/><\/a><figcaption class='gallery-image-caption'>Koordinatorin Eva Wagner am Infostand beim Weltkindertag 2021<\/figcaption><div class='round-loader-wrapper'><div class='round-loader'><\/div><\/div><\/figure><figure id=\"gallery-thumbnail-311\" class=\"gallery-thumbnail size-thumbnail gallery-thumbnail-1\" title=\"Ehrenamtliche beim Flitzpuck\" style=\"--w:150; --h:150\"><a href=\"https:\/\/mainzer-hospiz.de\/kinderhospizdienst\/wp-content\/uploads\/sites\/2\/2021\/10\/Weltkindertag_Ehrenamtliche-am-Flitzpuck.jpg\" rel=\"attachment wp-att-311\" title=\"Ehrenamtliche beim Flitzpuck\" data-megalightbox-index=\"1\"><img decoding=\"async\" src=\"https:\/\/mainzer-hospiz.de\/kinderhospizdienst\/wp-content\/uploads\/sites\/2\/2021\/10\/Weltkindertag_Ehrenamtliche-am-Flitzpuck-150x150.jpg\" width=\"100%\" height=\"auto\" class=\"gallery-the-thumbnail size-thumbnail wp-image-311\" alt=\"Ehrenamtliche beim Flitzpuck\"\/><\/a><figcaption class='gallery-image-caption'>Ehrenamtliche beim Flitzpuck<\/figcaption><div class='round-loader-wrapper'><div class='round-loader'><\/div><\/div><\/figure><\/div><\/div>\n<p>Bei strahlendem Sonnenschein konnte das <a href=\"https:\/\/mainz.de\/leben-und-arbeit\/buerger-aktiv\/Mainzer-Buendnis-fuer-Kinderrechte.php#\" target=\"_blank\" rel=\"noopener\">Mainzer Aktionsb\u00fcndnis f\u00fcr Kinderrechte<\/a> anl\u00e4sslich des Weltkindertages am 25. September eine \u201eMeile der Kinderrechte\u201c auf der Ludwigsstra\u00dfe in Mainz pr\u00e4sentieren. Sieben verschiedene Initiativen, die sich auf unterschiedliche Weise f\u00fcr Kinder in und um Mainz einsetzen, luden die Kinder zu spielerischen Aktivit\u00e4ten ein und pr\u00e4sentierten gleichzeitig ihre Arbeit. Auch der ambulante Kinder- und Jugendhospizdienst Mobile war zum dritten Mal beim Mainzer Weltkindertag dabei. Neben einem Informationsstand zu unserer Arbeit boten die ehrenamtlichen Kinderhospizbegleitenden den Kindern eine spannende Herausforderung am \u201eFlitzpuck\u201c, anschlie\u00dfend durften sich die Kinder ein kostenloses Mitgebsel aussuchen wie den Mainzer Kinderrechtekalender oder ein Kinderrechte-Quartett. Der diesj\u00e4hrige Weltkindertag stand unter dem Motto \u201eKinderrechte: nicht ohne uns!\u201c.<\/p>\n","protected":false},"excerpt":{"rendered":"<p>Bei strahlendem Sonnenschein konnte das Mainzer Aktionsb\u00fcndnis f\u00fcr Kinderrechte anl\u00e4sslich des Weltkindertages am 25. September eine \u201eMeile der Kinderrechte\u201c auf der Ludwigsstra\u00dfe in Mainz pr\u00e4sentieren. Sieben verschiedene Initiativen, die sich auf unterschiedliche Weise f\u00fcr Kinder in und um Mainz einsetzen, luden die Kinder zu spielerischen Aktivit\u00e4ten ein und pr\u00e4sentierten gleichzeitig ihre Arbeit. Auch der ambulante Kinder- und Jugendhospizdienst Mobile war zum dritten Mal beim Mainzer Weltkindertag dabei. Neben einem Informationsstand zu unserer Arbeit boten die ehrenamtlichen Kinderhospizbegleitenden den Kindern eine spannende Herausforderung am \u201eFlitzpuck\u201c, anschlie\u00dfend durften sich die Kinder ein kostenloses Mitgebsel aussuchen wie den Mainzer Kinderrechtekalender oder ein Kinderrechte-Quartett. Der diesj\u00e4hrige Weltkindertag stand unter dem Motto \u201eKinderrechte: nicht ohne uns!\u201c.<\/p>\n","protected":false},"author":1,"featured_media":312,"comment_status":"open","ping_status":"open","sticky":false,"template":"","format":"standard","meta":{"footnotes":""},"categories":[1],"tags":[],"class_list":["post-310","post","type-post","status-publish","format-standard","has-post-thumbnail","hentry","category-allgemeines"],"_links":{"self":[{"href":"https:\/\/mainzer-hospiz.de\/kinderhospizdienst\/wp-json\/wp\/v2\/posts\/310","targetHints":{"allow":["GET"]}}],"collection":[{"href":"https:\/\/mainzer-hospiz.de\/kinderhospizdienst\/wp-json\/wp\/v2\/posts"}],"about":[{"href":"https:\/\/mainzer-hospiz.de\/kinderhospizdienst\/wp-json\/wp\/v2\/types\/post"}],"author":[{"embeddable":true,"href":"https:\/\/mainzer-hospiz.de\/kinderhospizdienst\/wp-json\/wp\/v2\/users\/1"}],"replies":[{"embeddable":true,"href":"https:\/\/mainzer-hospiz.de\/kinderhospizdienst\/wp-json\/wp\/v2\/comments?post=310"}],"version-history":[{"count":0,"href":"https:\/\/mainzer-hospiz.de\/kinderhospizdienst\/wp-json\/wp\/v2\/posts\/310\/revisions"}],"wp:featuredmedia":[{"embeddable":true,"href":"https:\/\/mainzer-hospiz.de\/kinderhospizdienst\/wp-json\/wp\/v2\/media\/312"}],"wp:attachment":[{"href":"https:\/\/mainzer-hospiz.de\/kinderhospizdienst\/wp-json\/wp\/v2\/media?parent=310"}],"wp:term":[{"taxonomy":"category","embeddable":true,"href":"https:\/\/mainzer-hospiz.de\/kinderhospizdienst\/wp-json\/wp\/v2\/categories?post=310"},{"taxonomy":"post_tag","embeddable":true,"href":"https:\/\/mainzer-hospiz.de\/kinderhospizdienst\/wp-json\/wp\/v2\/tags?post=310"}],"curies":[{"name":"wp","href":"https:\/\/api.w.org\/{rel}","templated":true}]}}