{"id":118,"date":"2019-07-19T10:44:15","date_gmt":"2019-07-19T08:44:15","guid":{"rendered":"https:\/\/mainzer-hospiz.de\/kinderhospizdienst\/?p=118"},"modified":"2021-03-13T23:13:07","modified_gmt":"2021-03-13T22:13:07","slug":"andreas-eckermann-spendenradtour-bundesverband-kinderhospiz-mainz-02-august-2019","status":"publish","type":"post","link":"https:\/\/mainzer-hospiz.de\/kinderhospizdienst\/aktuelles-und-termine\/aktuelles\/2019\/07\/19\/andreas-eckermann-spendenradtour-bundesverband-kinderhospiz-mainz-02-august-2019\/","title":{"rendered":"Andreas Eckermann bei seiner Spendenradtour f\u00fcr den Bundesverband Kinderhospiz e.V. zu Gast in Mainz am 02. August 2019"},"content":{"rendered":"<p>Der S\u00fcdbadener Andreas Eckermann f\u00e4hrt als Botschafter des <a href=\"https:\/\/www.bundesverband-kinderhospiz.de\/\" target=\"_blank\" rel=\"noopener noreferrer\">Bundesverband Kinderhospiz e.V.<\/a> innerhalb von 10 Tagen mit dem Rennrad 1.100 km vom s\u00fcdlichsten Punkt Baden-W\u00fcrttembergs in Grenzach-Wyhlen zum n\u00f6rdlichsten Punkt Deutschlands auf Sylt.<\/p>\n<p>Am Freitag, 02. August macht er Halt in Mainz. Nach einer Mammut-Fahrt von 150 km wird ihm ein herzlicher Empfang bereitet.<\/p>\n<p>Vor Ort werden wir \u00fcber die ambulante Kinderhospizarbeit in Mainz berichten.<\/p>\n<p><a class=\"button-primary\" href=\"https:\/\/www.facebook.com\/events\/1104310779772363\/\" target=\"_blank\" rel=\"noopener noreferrer\"><span class=\"has-icon\" data-icon=\"external\">zum Facebook-Event<\/span><\/a><\/p>\n","protected":false},"excerpt":{"rendered":"<p>Der S\u00fcdbadener Andreas Eckermann f\u00e4hrt als Botschafter des Bundesverband Kinderhospiz e.V. innerhalb von 10 Tagen mit dem Rennrad 1.100 km vom s\u00fcdlichsten Punkt Baden-W\u00fcrttembergs in Grenzach-Wyhlen zum n\u00f6rdlichsten Punkt Deutschlands auf Sylt. Am Freitag, 02. August macht er Halt in Mainz. Nach einer Mammut-Fahrt von 150 km wird ihm ein herzlicher Empfang bereitet. Vor Ort werden wir \u00fcber die ambulante Kinderhospizarbeit in Mainz berichten. zum Facebook-Event<\/p>\n","protected":false},"author":1,"featured_media":125,"comment_status":"open","ping_status":"open","sticky":false,"template":"","format":"standard","meta":{"footnotes":""},"categories":[1],"tags":[],"class_list":["post-118","post","type-post","status-publish","format-standard","has-post-thumbnail","hentry","category-allgemeines"],"_links":{"self":[{"href":"https:\/\/mainzer-hospiz.de\/kinderhospizdienst\/wp-json\/wp\/v2\/posts\/118","targetHints":{"allow":["GET"]}}],"collection":[{"href":"https:\/\/mainzer-hospiz.de\/kinderhospizdienst\/wp-json\/wp\/v2\/posts"}],"about":[{"href":"https:\/\/mainzer-hospiz.de\/kinderhospizdienst\/wp-json\/wp\/v2\/types\/post"}],"author":[{"embeddable":true,"href":"https:\/\/mainzer-hospiz.de\/kinderhospizdienst\/wp-json\/wp\/v2\/users\/1"}],"replies":[{"embeddable":true,"href":"https:\/\/mainzer-hospiz.de\/kinderhospizdienst\/wp-json\/wp\/v2\/comments?post=118"}],"version-history":[{"count":0,"href":"https:\/\/mainzer-hospiz.de\/kinderhospizdienst\/wp-json\/wp\/v2\/posts\/118\/revisions"}],"wp:featuredmedia":[{"embeddable":true,"href":"https:\/\/mainzer-hospiz.de\/kinderhospizdienst\/wp-json\/wp\/v2\/media\/125"}],"wp:attachment":[{"href":"https:\/\/mainzer-hospiz.de\/kinderhospizdienst\/wp-json\/wp\/v2\/media?parent=118"}],"wp:term":[{"taxonomy":"category","embeddable":true,"href":"https:\/\/mainzer-hospiz.de\/kinderhospizdienst\/wp-json\/wp\/v2\/categories?post=118"},{"taxonomy":"post_tag","embeddable":true,"href":"https:\/\/mainzer-hospiz.de\/kinderhospizdienst\/wp-json\/wp\/v2\/tags?post=118"}],"curies":[{"name":"wp","href":"https:\/\/api.w.org\/{rel}","templated":true}]}}